{"id":9306,"date":"2024-12-04T14:01:39","date_gmt":"2024-12-04T13:01:39","guid":{"rendered":"https:\/\/acp-global.net\/blog\/acp-se-convierte-en-socio-oficial-del-equipo-nacional-aleman-de-esqui-alpino\/"},"modified":"2024-12-04T14:12:13","modified_gmt":"2024-12-04T13:12:13","slug":"acp-se-convierte-en-socio-oficial-del-equipo-nacional-aleman-de-esqui-alpino","status":"publish","type":"post","link":"https:\/\/acp-global.net\/es\/blog\/acp-se-convierte-en-socio-oficial-del-equipo-nacional-aleman-de-esqui-alpino\/","title":{"rendered":"ACP se convierte en socio oficial del equipo nacional alem\u00e1n de esqu\u00ed alpino"},"content":{"rendered":"\n<div class=\"wp-block-pixel-headline headlines is-subheadline-bottom has-text-align-left\"><h3 class=\"headline\" style=\"color:\"><strong>Llegar a lo m\u00e1s alto con experiencia y conocimientos<\/strong><\/h3><\/div>\n\n<p class=\"wp-block-paragraph\"><strong>Planegg (dsv): La Asociaci\u00f3n Alemana de Esqu\u00ed (DSV) inicia al comienzo de la nueva temporada de la Copa del Mundo una nueva colaboraci\u00f3n con ACP, l\u00edder del mercado de soportes met\u00e1licos en el sector del autom\u00f3vil y del esqu\u00ed en los pa\u00edses de habla alemana. La nueva cooperaci\u00f3n se centrar\u00e1 en el sector alpino: ACP ser\u00e1 socio de DSV durante los pr\u00f3ximos cinco a\u00f1os y tambi\u00e9n dar\u00e1 su nombre al Equipo Junior ACP-DSV. De este modo, ACP apoya activamente a los j\u00f3venes talentos alpinos de la Asociaci\u00f3n Alemana de Esqu\u00ed.  <\/strong><\/p>\n\n<p class=\"wp-block-paragraph\"><\/p>\n\n<p class=\"wp-block-paragraph\">&#8220;Estamos encantados de haber conseguido un nuevo socio para nuestros atletas alpinos en ACP&#8221;, afirma Walter Vogel, Director General de DSV. &#8220;Como empresa din\u00e1mica y orientada a la consecuci\u00f3n de objetivos, la cooperaci\u00f3n encaja perfectamente con las ideas y la mentalidad de nuestros equipos.<br\/>Tambi\u00e9n nos complace especialmente el compromiso con nuestro equipo junior; la promoci\u00f3n de j\u00f3venes talentos es una de nuestras preocupaciones m\u00e1s importantes para el futuro&#8221; El logotipo de ACP ya era visible en todos los cascos y gorras del equipo junior de DSV en las primeras carreras de oto\u00f1o. Ambas partes acordaron trabajar juntas durante al menos cinco a\u00f1os, hasta 2029 inclusive.  <\/p>\n\n<p class=\"wp-block-paragraph\"><strong><strong>Valores y objetivos que conectan<\/strong><\/strong><\/p>\n\n<p class=\"wp-block-paragraph\">Michael Koch, Director General de ACP: &#8220;Por nuestra experiencia como proveedores y socios de desarrollo en el sector del esqu\u00ed alpino, conocemos muy bien los retos y exigencias de los deportistas. Gracias a los valores que comparten DSV y ACP, como el respeto, la valent\u00eda y el compromiso, somos el socio y el compa\u00f1ero adecuado para los aspirantes y futuros atletas de \u00e9lite, incluso fuera de las pistas. Por esta raz\u00f3n, una asociaci\u00f3n a largo plazo era muy importante para nosotros&#8221;.<\/p>\n\n<p class=\"wp-block-paragraph\"><\/p>\n\n<p class=\"wp-block-paragraph\"><\/p>\n","protected":false},"excerpt":{"rendered":"<p>Planegg (dsv): La Asociaci\u00f3n Alemana de Esqu\u00ed (DSV) inicia al comienzo de la nueva temporada de la Copa del Mundo una nueva colaboraci\u00f3n con ACP, l\u00edder del mercado de soportes met\u00e1licos en el sector del autom\u00f3vil y del esqu\u00ed en los pa\u00edses de habla alemana. La nueva cooperaci\u00f3n se centrar\u00e1 en el sector alpino: ACP &#8230; <a title=\"ACP se convierte en socio oficial del equipo nacional alem\u00e1n de esqu\u00ed alpino\" class=\"read-more\" href=\"https:\/\/acp-global.net\/es\/blog\/acp-se-convierte-en-socio-oficial-del-equipo-nacional-aleman-de-esqui-alpino\/\" aria-label=\"Leer m\u00e1s sobre ACP se convierte en socio oficial del equipo nacional alem\u00e1n de esqu\u00ed alpino\">Read more<\/a><\/p>\n","protected":false},"author":3,"featured_media":9288,"comment_status":"closed","ping_status":"closed","sticky":false,"template":"","format":"standard","meta":{"_acf_changed":false,"_crdt_document":"","footnotes":""},"categories":[73],"tags":[],"class_list":["post-9306","post","type-post","status-publish","format-standard","has-post-thumbnail","hentry","category-sin-categorizar"],"acf":[],"yoast_head":"<!-- This site is optimized with the Yoast SEO plugin v27.4 - https:\/\/yoast.com\/product\/yoast-seo-wordpress\/ -->\n<title>Socio ACP del Equipo Nacional Alem\u00e1n de Esqu\u00ed Alpino<\/title>\n<meta name=\"description\" content=\"La nueva cooperaci\u00f3n se centra en el sector alpino: ACP ser\u00e1 socio durante los pr\u00f3ximos cinco a\u00f1os y tambi\u00e9n dar\u00e1 su nombre al equipo junior ACP-DSV.\" \/>\n<meta name=\"robots\" content=\"index, follow, max-snippet:-1, max-image-preview:large, max-video-preview:-1\" \/>\n<link rel=\"canonical\" href=\"https:\/\/acp-global.net\/es\/blog\/acp-se-convierte-en-socio-oficial-del-equipo-nacional-aleman-de-esqui-alpino\/\" \/>\n<meta property=\"og:locale\" content=\"es_ES\" \/>\n<meta property=\"og:type\" content=\"article\" \/>\n<meta property=\"og:title\" content=\"Socio ACP del Equipo Nacional Alem\u00e1n de Esqu\u00ed Alpino\" \/>\n<meta property=\"og:description\" content=\"La nueva cooperaci\u00f3n se centra en el sector alpino: ACP ser\u00e1 socio durante los pr\u00f3ximos cinco a\u00f1os y tambi\u00e9n dar\u00e1 su nombre al equipo junior ACP-DSV.\" \/>\n<meta property=\"og:url\" content=\"https:\/\/acp-global.net\/es\/blog\/acp-se-convierte-en-socio-oficial-del-equipo-nacional-aleman-de-esqui-alpino\/\" \/>\n<meta property=\"og:site_name\" content=\"ACP Group\" \/>\n<meta property=\"article:published_time\" content=\"2024-12-04T13:01:39+00:00\" \/>\n<meta property=\"article:modified_time\" content=\"2024-12-04T13:12:13+00:00\" \/>\n<meta property=\"og:image\" content=\"https:\/\/acp-global.net\/wp-content\/uploads\/ACP-DSV-Team.jpg\" \/>\n\t<meta property=\"og:image:width\" content=\"1724\" \/>\n\t<meta property=\"og:image:height\" content=\"1220\" \/>\n\t<meta property=\"og:image:type\" content=\"image\/jpeg\" \/>\n<meta name=\"author\" content=\"huehoco-becker\" \/>\n<meta name=\"twitter:card\" content=\"summary_large_image\" \/>\n<meta name=\"twitter:label1\" content=\"Escrito por\" \/>\n\t<meta name=\"twitter:data1\" content=\"huehoco-becker\" \/>\n\t<meta name=\"twitter:label2\" content=\"Tiempo de lectura\" \/>\n\t<meta name=\"twitter:data2\" content=\"2 minutos\" \/>\n<script type=\"application\/ld+json\" class=\"yoast-schema-graph\">{\"@context\":\"https:\\\/\\\/schema.org\",\"@graph\":[{\"@type\":\"Article\",\"@id\":\"https:\\\/\\\/acp-global.net\\\/es\\\/blog\\\/acp-se-convierte-en-socio-oficial-del-equipo-nacional-aleman-de-esqui-alpino\\\/#article\",\"isPartOf\":{\"@id\":\"https:\\\/\\\/acp-global.net\\\/es\\\/blog\\\/acp-se-convierte-en-socio-oficial-del-equipo-nacional-aleman-de-esqui-alpino\\\/\"},\"author\":{\"name\":\"huehoco-becker\",\"@id\":\"https:\\\/\\\/acp-global.net\\\/es\\\/#\\\/schema\\\/person\\\/7ea8934b2fc193ad8e60758d565bde69\"},\"headline\":\"ACP se convierte en socio oficial del equipo nacional alem\u00e1n de esqu\u00ed alpino\",\"datePublished\":\"2024-12-04T13:01:39+00:00\",\"dateModified\":\"2024-12-04T13:12:13+00:00\",\"mainEntityOfPage\":{\"@id\":\"https:\\\/\\\/acp-global.net\\\/es\\\/blog\\\/acp-se-convierte-en-socio-oficial-del-equipo-nacional-aleman-de-esqui-alpino\\\/\"},\"wordCount\":330,\"publisher\":{\"@id\":\"https:\\\/\\\/acp-global.net\\\/es\\\/#organization\"},\"image\":{\"@id\":\"https:\\\/\\\/acp-global.net\\\/es\\\/blog\\\/acp-se-convierte-en-socio-oficial-del-equipo-nacional-aleman-de-esqui-alpino\\\/#primaryimage\"},\"thumbnailUrl\":\"https:\\\/\\\/acp-global.net\\\/wp-content\\\/uploads\\\/ACP-DSV-Team.jpg\",\"articleSection\":[\"Sin categorizar\"],\"inLanguage\":\"es\"},{\"@type\":\"WebPage\",\"@id\":\"https:\\\/\\\/acp-global.net\\\/es\\\/blog\\\/acp-se-convierte-en-socio-oficial-del-equipo-nacional-aleman-de-esqui-alpino\\\/\",\"url\":\"https:\\\/\\\/acp-global.net\\\/es\\\/blog\\\/acp-se-convierte-en-socio-oficial-del-equipo-nacional-aleman-de-esqui-alpino\\\/\",\"name\":\"Socio ACP del Equipo Nacional Alem\u00e1n de Esqu\u00ed Alpino\",\"isPartOf\":{\"@id\":\"https:\\\/\\\/acp-global.net\\\/es\\\/#website\"},\"primaryImageOfPage\":{\"@id\":\"https:\\\/\\\/acp-global.net\\\/es\\\/blog\\\/acp-se-convierte-en-socio-oficial-del-equipo-nacional-aleman-de-esqui-alpino\\\/#primaryimage\"},\"image\":{\"@id\":\"https:\\\/\\\/acp-global.net\\\/es\\\/blog\\\/acp-se-convierte-en-socio-oficial-del-equipo-nacional-aleman-de-esqui-alpino\\\/#primaryimage\"},\"thumbnailUrl\":\"https:\\\/\\\/acp-global.net\\\/wp-content\\\/uploads\\\/ACP-DSV-Team.jpg\",\"datePublished\":\"2024-12-04T13:01:39+00:00\",\"dateModified\":\"2024-12-04T13:12:13+00:00\",\"description\":\"La nueva cooperaci\u00f3n se centra en el sector alpino: ACP ser\u00e1 socio durante los pr\u00f3ximos cinco a\u00f1os y tambi\u00e9n dar\u00e1 su nombre al equipo junior ACP-DSV.\",\"breadcrumb\":{\"@id\":\"https:\\\/\\\/acp-global.net\\\/es\\\/blog\\\/acp-se-convierte-en-socio-oficial-del-equipo-nacional-aleman-de-esqui-alpino\\\/#breadcrumb\"},\"inLanguage\":\"es\",\"potentialAction\":[{\"@type\":\"ReadAction\",\"target\":[\"https:\\\/\\\/acp-global.net\\\/es\\\/blog\\\/acp-se-convierte-en-socio-oficial-del-equipo-nacional-aleman-de-esqui-alpino\\\/\"]}]},{\"@type\":\"ImageObject\",\"inLanguage\":\"es\",\"@id\":\"https:\\\/\\\/acp-global.net\\\/es\\\/blog\\\/acp-se-convierte-en-socio-oficial-del-equipo-nacional-aleman-de-esqui-alpino\\\/#primaryimage\",\"url\":\"https:\\\/\\\/acp-global.net\\\/wp-content\\\/uploads\\\/ACP-DSV-Team.jpg\",\"contentUrl\":\"https:\\\/\\\/acp-global.net\\\/wp-content\\\/uploads\\\/ACP-DSV-Team.jpg\",\"width\":1724,\"height\":1220},{\"@type\":\"BreadcrumbList\",\"@id\":\"https:\\\/\\\/acp-global.net\\\/es\\\/blog\\\/acp-se-convierte-en-socio-oficial-del-equipo-nacional-aleman-de-esqui-alpino\\\/#breadcrumb\",\"itemListElement\":[{\"@type\":\"ListItem\",\"position\":1,\"name\":\"Startseite\",\"item\":\"https:\\\/\\\/acp-global.net\\\/es\\\/\"},{\"@type\":\"ListItem\",\"position\":2,\"name\":\"ACP se convierte en socio oficial del equipo nacional alem\u00e1n de esqu\u00ed alpino\"}]},{\"@type\":\"WebSite\",\"@id\":\"https:\\\/\\\/acp-global.net\\\/es\\\/#website\",\"url\":\"https:\\\/\\\/acp-global.net\\\/es\\\/\",\"name\":\"ACP Group\",\"description\":\"\",\"publisher\":{\"@id\":\"https:\\\/\\\/acp-global.net\\\/es\\\/#organization\"},\"potentialAction\":[{\"@type\":\"SearchAction\",\"target\":{\"@type\":\"EntryPoint\",\"urlTemplate\":\"https:\\\/\\\/acp-global.net\\\/es\\\/?s={search_term_string}\"},\"query-input\":{\"@type\":\"PropertyValueSpecification\",\"valueRequired\":true,\"valueName\":\"search_term_string\"}}],\"inLanguage\":\"es\"},{\"@type\":\"Organization\",\"@id\":\"https:\\\/\\\/acp-global.net\\\/es\\\/#organization\",\"name\":\"ACP Group\",\"url\":\"https:\\\/\\\/acp-global.net\\\/es\\\/\",\"logo\":{\"@type\":\"ImageObject\",\"inLanguage\":\"es\",\"@id\":\"https:\\\/\\\/acp-global.net\\\/es\\\/#\\\/schema\\\/logo\\\/image\\\/\",\"url\":\"https:\\\/\\\/acp-global.net\\\/wp-content\\\/uploads\\\/acp_group.png\",\"contentUrl\":\"https:\\\/\\\/acp-global.net\\\/wp-content\\\/uploads\\\/acp_group.png\",\"width\":1232,\"height\":285,\"caption\":\"ACP Group\"},\"image\":{\"@id\":\"https:\\\/\\\/acp-global.net\\\/es\\\/#\\\/schema\\\/logo\\\/image\\\/\"}},{\"@type\":\"Person\",\"@id\":\"https:\\\/\\\/acp-global.net\\\/es\\\/#\\\/schema\\\/person\\\/7ea8934b2fc193ad8e60758d565bde69\",\"name\":\"huehoco-becker\",\"url\":\"https:\\\/\\\/acp-global.net\\\/es\\\/blog\\\/author\\\/huehoco-becker\\\/\"}]}<\/script>\n<!-- \/ Yoast SEO plugin. -->","yoast_head_json":{"title":"Socio ACP del Equipo Nacional Alem\u00e1n de Esqu\u00ed Alpino","description":"La nueva cooperaci\u00f3n se centra en el sector alpino: ACP ser\u00e1 socio durante los pr\u00f3ximos cinco a\u00f1os y tambi\u00e9n dar\u00e1 su nombre al equipo junior ACP-DSV.","robots":{"index":"index","follow":"follow","max-snippet":"max-snippet:-1","max-image-preview":"max-image-preview:large","max-video-preview":"max-video-preview:-1"},"canonical":"https:\/\/acp-global.net\/es\/blog\/acp-se-convierte-en-socio-oficial-del-equipo-nacional-aleman-de-esqui-alpino\/","og_locale":"es_ES","og_type":"article","og_title":"Socio ACP del Equipo Nacional Alem\u00e1n de Esqu\u00ed Alpino","og_description":"La nueva cooperaci\u00f3n se centra en el sector alpino: ACP ser\u00e1 socio durante los pr\u00f3ximos cinco a\u00f1os y tambi\u00e9n dar\u00e1 su nombre al equipo junior ACP-DSV.","og_url":"https:\/\/acp-global.net\/es\/blog\/acp-se-convierte-en-socio-oficial-del-equipo-nacional-aleman-de-esqui-alpino\/","og_site_name":"ACP Group","article_published_time":"2024-12-04T13:01:39+00:00","article_modified_time":"2024-12-04T13:12:13+00:00","og_image":[{"width":1724,"height":1220,"url":"https:\/\/acp-global.net\/wp-content\/uploads\/ACP-DSV-Team.jpg","type":"image\/jpeg"}],"author":"huehoco-becker","twitter_card":"summary_large_image","twitter_misc":{"Escrito por":"huehoco-becker","Tiempo de lectura":"2 minutos"},"schema":{"@context":"https:\/\/schema.org","@graph":[{"@type":"Article","@id":"https:\/\/acp-global.net\/es\/blog\/acp-se-convierte-en-socio-oficial-del-equipo-nacional-aleman-de-esqui-alpino\/#article","isPartOf":{"@id":"https:\/\/acp-global.net\/es\/blog\/acp-se-convierte-en-socio-oficial-del-equipo-nacional-aleman-de-esqui-alpino\/"},"author":{"name":"huehoco-becker","@id":"https:\/\/acp-global.net\/es\/#\/schema\/person\/7ea8934b2fc193ad8e60758d565bde69"},"headline":"ACP se convierte en socio oficial del equipo nacional alem\u00e1n de esqu\u00ed alpino","datePublished":"2024-12-04T13:01:39+00:00","dateModified":"2024-12-04T13:12:13+00:00","mainEntityOfPage":{"@id":"https:\/\/acp-global.net\/es\/blog\/acp-se-convierte-en-socio-oficial-del-equipo-nacional-aleman-de-esqui-alpino\/"},"wordCount":330,"publisher":{"@id":"https:\/\/acp-global.net\/es\/#organization"},"image":{"@id":"https:\/\/acp-global.net\/es\/blog\/acp-se-convierte-en-socio-oficial-del-equipo-nacional-aleman-de-esqui-alpino\/#primaryimage"},"thumbnailUrl":"https:\/\/acp-global.net\/wp-content\/uploads\/ACP-DSV-Team.jpg","articleSection":["Sin categorizar"],"inLanguage":"es"},{"@type":"WebPage","@id":"https:\/\/acp-global.net\/es\/blog\/acp-se-convierte-en-socio-oficial-del-equipo-nacional-aleman-de-esqui-alpino\/","url":"https:\/\/acp-global.net\/es\/blog\/acp-se-convierte-en-socio-oficial-del-equipo-nacional-aleman-de-esqui-alpino\/","name":"Socio ACP del Equipo Nacional Alem\u00e1n de Esqu\u00ed Alpino","isPartOf":{"@id":"https:\/\/acp-global.net\/es\/#website"},"primaryImageOfPage":{"@id":"https:\/\/acp-global.net\/es\/blog\/acp-se-convierte-en-socio-oficial-del-equipo-nacional-aleman-de-esqui-alpino\/#primaryimage"},"image":{"@id":"https:\/\/acp-global.net\/es\/blog\/acp-se-convierte-en-socio-oficial-del-equipo-nacional-aleman-de-esqui-alpino\/#primaryimage"},"thumbnailUrl":"https:\/\/acp-global.net\/wp-content\/uploads\/ACP-DSV-Team.jpg","datePublished":"2024-12-04T13:01:39+00:00","dateModified":"2024-12-04T13:12:13+00:00","description":"La nueva cooperaci\u00f3n se centra en el sector alpino: ACP ser\u00e1 socio durante los pr\u00f3ximos cinco a\u00f1os y tambi\u00e9n dar\u00e1 su nombre al equipo junior ACP-DSV.","breadcrumb":{"@id":"https:\/\/acp-global.net\/es\/blog\/acp-se-convierte-en-socio-oficial-del-equipo-nacional-aleman-de-esqui-alpino\/#breadcrumb"},"inLanguage":"es","potentialAction":[{"@type":"ReadAction","target":["https:\/\/acp-global.net\/es\/blog\/acp-se-convierte-en-socio-oficial-del-equipo-nacional-aleman-de-esqui-alpino\/"]}]},{"@type":"ImageObject","inLanguage":"es","@id":"https:\/\/acp-global.net\/es\/blog\/acp-se-convierte-en-socio-oficial-del-equipo-nacional-aleman-de-esqui-alpino\/#primaryimage","url":"https:\/\/acp-global.net\/wp-content\/uploads\/ACP-DSV-Team.jpg","contentUrl":"https:\/\/acp-global.net\/wp-content\/uploads\/ACP-DSV-Team.jpg","width":1724,"height":1220},{"@type":"BreadcrumbList","@id":"https:\/\/acp-global.net\/es\/blog\/acp-se-convierte-en-socio-oficial-del-equipo-nacional-aleman-de-esqui-alpino\/#breadcrumb","itemListElement":[{"@type":"ListItem","position":1,"name":"Startseite","item":"https:\/\/acp-global.net\/es\/"},{"@type":"ListItem","position":2,"name":"ACP se convierte en socio oficial del equipo nacional alem\u00e1n de esqu\u00ed alpino"}]},{"@type":"WebSite","@id":"https:\/\/acp-global.net\/es\/#website","url":"https:\/\/acp-global.net\/es\/","name":"ACP Group","description":"","publisher":{"@id":"https:\/\/acp-global.net\/es\/#organization"},"potentialAction":[{"@type":"SearchAction","target":{"@type":"EntryPoint","urlTemplate":"https:\/\/acp-global.net\/es\/?s={search_term_string}"},"query-input":{"@type":"PropertyValueSpecification","valueRequired":true,"valueName":"search_term_string"}}],"inLanguage":"es"},{"@type":"Organization","@id":"https:\/\/acp-global.net\/es\/#organization","name":"ACP Group","url":"https:\/\/acp-global.net\/es\/","logo":{"@type":"ImageObject","inLanguage":"es","@id":"https:\/\/acp-global.net\/es\/#\/schema\/logo\/image\/","url":"https:\/\/acp-global.net\/wp-content\/uploads\/acp_group.png","contentUrl":"https:\/\/acp-global.net\/wp-content\/uploads\/acp_group.png","width":1232,"height":285,"caption":"ACP Group"},"image":{"@id":"https:\/\/acp-global.net\/es\/#\/schema\/logo\/image\/"}},{"@type":"Person","@id":"https:\/\/acp-global.net\/es\/#\/schema\/person\/7ea8934b2fc193ad8e60758d565bde69","name":"huehoco-becker","url":"https:\/\/acp-global.net\/es\/blog\/author\/huehoco-becker\/"}]}},"_links":{"self":[{"href":"https:\/\/acp-global.net\/es\/wp-json\/wp\/v2\/posts\/9306","targetHints":{"allow":["GET"]}}],"collection":[{"href":"https:\/\/acp-global.net\/es\/wp-json\/wp\/v2\/posts"}],"about":[{"href":"https:\/\/acp-global.net\/es\/wp-json\/wp\/v2\/types\/post"}],"author":[{"embeddable":true,"href":"https:\/\/acp-global.net\/es\/wp-json\/wp\/v2\/users\/3"}],"replies":[{"embeddable":true,"href":"https:\/\/acp-global.net\/es\/wp-json\/wp\/v2\/comments?post=9306"}],"version-history":[{"count":1,"href":"https:\/\/acp-global.net\/es\/wp-json\/wp\/v2\/posts\/9306\/revisions"}],"predecessor-version":[{"id":9307,"href":"https:\/\/acp-global.net\/es\/wp-json\/wp\/v2\/posts\/9306\/revisions\/9307"}],"wp:featuredmedia":[{"embeddable":true,"href":"https:\/\/acp-global.net\/es\/wp-json\/wp\/v2\/media\/9288"}],"wp:attachment":[{"href":"https:\/\/acp-global.net\/es\/wp-json\/wp\/v2\/media?parent=9306"}],"wp:term":[{"taxonomy":"category","embeddable":true,"href":"https:\/\/acp-global.net\/es\/wp-json\/wp\/v2\/categories?post=9306"},{"taxonomy":"post_tag","embeddable":true,"href":"https:\/\/acp-global.net\/es\/wp-json\/wp\/v2\/tags?post=9306"}],"curies":[{"name":"wp","href":"https:\/\/api.w.org\/{rel}","templated":true}]}}